{"id":958,"date":"2026-04-27T07:09:27","date_gmt":"2026-04-27T07:09:27","guid":{"rendered":"http:\/\/luetzschenaer-kuenstlerkreis.de\/?p=958"},"modified":"2026-04-27T07:09:27","modified_gmt":"2026-04-27T07:09:27","slug":"958","status":"publish","type":"post","link":"https:\/\/luetzschenaer-kuenstlerkreis.de\/?p=958","title":{"rendered":"Herzlich willkommen"},"content":{"rendered":"\n<p>Unsere n\u00e4chsten Ausstellungen: <\/p>\n\n\n\n<p class=\"has-large-font-size\"><strong>Art Kapella Schkeuditz<\/strong><a href=\"https:\/\/maps.app.goo.gl\/w6FgH7msx3p34U789\"><br>Teichstra\u00dfe 7, 04435 Schkeuditz<br><\/a>19.04. bis 31.05.2026<\/p>\n\n\n\n<figure class=\"wp-block-image size-large is-resized\"><img loading=\"lazy\" decoding=\"async\" width=\"1024\" height=\"724\" src=\"https:\/\/luetzschenaer-kuenstlerkreis.de\/wp-content\/uploads\/2026\/04\/artKapella26_Luetzschenaer_poster_neu-1024x724.jpg\" alt=\"\" class=\"wp-image-1528\" style=\"aspect-ratio:1.4144018521929016;width:573px;height:auto\" srcset=\"https:\/\/luetzschenaer-kuenstlerkreis.de\/wp-content\/uploads\/2026\/04\/artKapella26_Luetzschenaer_poster_neu-1024x724.jpg 1024w, https:\/\/luetzschenaer-kuenstlerkreis.de\/wp-content\/uploads\/2026\/04\/artKapella26_Luetzschenaer_poster_neu-300x212.jpg 300w, https:\/\/luetzschenaer-kuenstlerkreis.de\/wp-content\/uploads\/2026\/04\/artKapella26_Luetzschenaer_poster_neu-768x543.jpg 768w, https:\/\/luetzschenaer-kuenstlerkreis.de\/wp-content\/uploads\/2026\/04\/artKapella26_Luetzschenaer_poster_neu-1536x1086.jpg 1536w, https:\/\/luetzschenaer-kuenstlerkreis.de\/wp-content\/uploads\/2026\/04\/artKapella26_Luetzschenaer_poster_neu-2048x1448.jpg 2048w, https:\/\/luetzschenaer-kuenstlerkreis.de\/wp-content\/uploads\/2026\/04\/artKapella26_Luetzschenaer_poster_neu-1240x877.jpg 1240w, https:\/\/luetzschenaer-kuenstlerkreis.de\/wp-content\/uploads\/2026\/04\/artKapella26_Luetzschenaer_poster_neu-508x359.jpg 508w\" sizes=\"auto, (max-width: 1024px) 100vw, 1024px\" \/><\/figure>\n\n\n\n<hr class=\"wp-block-separator aligncenter has-alpha-channel-opacity is-style-wide\"\/>\n\n\n\n<p class=\"has-normal-font-size\">ARCHIV<\/p>\n\n\n\n<p>Ab 11.07.2025 &#8222;Vorgl\u00fchen&#8220; im Bismarckturm<\/p>\n\n\n\n<figure class=\"wp-block-image size-large is-resized\"><img loading=\"lazy\" decoding=\"async\" width=\"1024\" height=\"727\" src=\"https:\/\/luetzschenaer-kuenstlerkreis.de\/wp-content\/uploads\/2022\/04\/Einladung_Auengalerie_2025_1-1024x727.jpg\" alt=\"\" class=\"wp-image-1371\" style=\"width:200px\" srcset=\"https:\/\/luetzschenaer-kuenstlerkreis.de\/wp-content\/uploads\/2022\/04\/Einladung_Auengalerie_2025_1-1024x727.jpg 1024w, https:\/\/luetzschenaer-kuenstlerkreis.de\/wp-content\/uploads\/2022\/04\/Einladung_Auengalerie_2025_1-300x213.jpg 300w, https:\/\/luetzschenaer-kuenstlerkreis.de\/wp-content\/uploads\/2022\/04\/Einladung_Auengalerie_2025_1-768x545.jpg 768w, https:\/\/luetzschenaer-kuenstlerkreis.de\/wp-content\/uploads\/2022\/04\/Einladung_Auengalerie_2025_1-508x361.jpg 508w, https:\/\/luetzschenaer-kuenstlerkreis.de\/wp-content\/uploads\/2022\/04\/Einladung_Auengalerie_2025_1.jpg 1165w\" sizes=\"auto, (max-width: 1024px) 100vw, 1024px\" \/><\/figure>\n\n\n\n<p>Unsere erste Ausstellung 2024 in der Kirsche Panitzsch ist schon wieder Geschichte.<br>Derzeit findet eine Ausstellung im Bismarckturm L\u00fctzschena statt, darauf folgt die Auengalerie im September<\/p>\n\n\n\n<p><img loading=\"lazy\" decoding=\"async\" width=\"219\" height=\"155\" class=\"wp-image-1247\" style=\"width: 219px;\" src=\"https:\/\/luetzschenaer-kuenstlerkreis.de\/wp-content\/uploads\/2022\/04\/Auengalerie_2024.jpg\" alt=\"\" srcset=\"https:\/\/luetzschenaer-kuenstlerkreis.de\/wp-content\/uploads\/2022\/04\/Auengalerie_2024.jpg 583w, https:\/\/luetzschenaer-kuenstlerkreis.de\/wp-content\/uploads\/2022\/04\/Auengalerie_2024-300x213.jpg 300w, https:\/\/luetzschenaer-kuenstlerkreis.de\/wp-content\/uploads\/2022\/04\/Auengalerie_2024-508x360.jpg 508w\" sizes=\"auto, (max-width: 219px) 100vw, 219px\" \/><\/p>\n\n\n\n<p><br>Weitere Details und neue Termine finden Sie unter &#8222;Ausstellungen&#8220;.<\/p>\n\n\n\n<p>Nach der letzten Auengalerie wurde Frau Konni Lychatz Mitglied im LKK. Bitte besuchen Sie ihre K\u00fcnstlerseite.<br><br>Wir freuen uns auf Ihren Besuch.<\/p>\n\n\n\n<hr class=\"wp-block-separator has-alpha-channel-opacity\"\/>\n\n\n\n<p class=\"has-large-font-size\">Archiv<\/p>\n\n\n\n<p>Wir w\u00fcnschen allen Kunstfreunden und Bewunderern einen guten Start ins Jahr 2024.<br>Wir freuen uns, Sie im neuen Jahr wieder zu unseren Ausstellungen begr\u00fc\u00dfen zu d\u00fcrfen.<\/p>\n\n\n\n<figure class=\"wp-block-image size-medium\"><img loading=\"lazy\" decoding=\"async\" width=\"300\" height=\"213\" src=\"https:\/\/luetzschenaer-kuenstlerkreis.de\/wp-content\/uploads\/2023\/08\/XX_Auengalerie_2023-300x213.jpg\" alt=\"\" class=\"wp-image-1200\" srcset=\"https:\/\/luetzschenaer-kuenstlerkreis.de\/wp-content\/uploads\/2023\/08\/XX_Auengalerie_2023-300x213.jpg 300w, https:\/\/luetzschenaer-kuenstlerkreis.de\/wp-content\/uploads\/2023\/08\/XX_Auengalerie_2023-768x545.jpg 768w, https:\/\/luetzschenaer-kuenstlerkreis.de\/wp-content\/uploads\/2023\/08\/XX_Auengalerie_2023-508x360.jpg 508w, https:\/\/luetzschenaer-kuenstlerkreis.de\/wp-content\/uploads\/2023\/08\/XX_Auengalerie_2023.jpg 874w\" sizes=\"auto, (max-width: 300px) 100vw, 300px\" \/><\/figure>\n\n\n\n<p class=\"has-small-font-size\">Ein ereignisreiches Jahr geht zu Ende, und wir m\u00f6chten uns bei allen Kunstfreunden und Bewunderern recht herzlich bedanken.<br>In diesem Jahr feierte der L\u00fctzschenaer K\u00fcnstlerkreis sein 20j\u00e4hriges Bestehen.<br>Das erf\u00fcllt uns mit Stolz.<br>Wir w\u00fcnschen Ihnen ein geruhsames Weihnachtsfest und einen guten Start ins Jahr 2023.<br>Wir freuen uns auf das kommende Jahr mit neuen Ausstellungen und hoffentlich Ihnen als G\u00e4ste.<\/p>\n\n\n\n<p class=\"has-small-font-size\">Die diesj\u00e4hrige Auengalerie fand von Sonnabend, 03.09.2022 bis Sonntag, 11.09.2022 statt.<\/p>\n\n\n\n<p class=\"has-small-font-size\">Die VERNISSAGE zur Auengalerie fand am 03.09.2022, 15 Uhr statt.<br>An diesem Tag war die Galerie parallel zur \u201eNACHT DER KUNST\u201c bis 22 Uhr ge\u00f6ffnet.<\/p>\n\n\n\n<figure class=\"wp-block-image size-medium\"><img loading=\"lazy\" decoding=\"async\" width=\"300\" height=\"216\" src=\"https:\/\/luetzschenaer-kuenstlerkreis.de\/wp-content\/uploads\/2022\/04\/001_002_XIX_Auengalerie-1-300x216.jpg\" alt=\"\" class=\"wp-image-1122\" srcset=\"https:\/\/luetzschenaer-kuenstlerkreis.de\/wp-content\/uploads\/2022\/04\/001_002_XIX_Auengalerie-1-300x216.jpg 300w, https:\/\/luetzschenaer-kuenstlerkreis.de\/wp-content\/uploads\/2022\/04\/001_002_XIX_Auengalerie-1-1024x738.jpg 1024w, https:\/\/luetzschenaer-kuenstlerkreis.de\/wp-content\/uploads\/2022\/04\/001_002_XIX_Auengalerie-1-768x554.jpg 768w, https:\/\/luetzschenaer-kuenstlerkreis.de\/wp-content\/uploads\/2022\/04\/001_002_XIX_Auengalerie-1-1536x1107.jpg 1536w, https:\/\/luetzschenaer-kuenstlerkreis.de\/wp-content\/uploads\/2022\/04\/001_002_XIX_Auengalerie-1-1240x894.jpg 1240w, https:\/\/luetzschenaer-kuenstlerkreis.de\/wp-content\/uploads\/2022\/04\/001_002_XIX_Auengalerie-1-508x366.jpg 508w, https:\/\/luetzschenaer-kuenstlerkreis.de\/wp-content\/uploads\/2022\/04\/001_002_XIX_Auengalerie-1.jpg 1819w\" sizes=\"auto, (max-width: 300px) 100vw, 300px\" \/><\/figure>\n\n\n\n<p class=\"has-small-font-size\">Unsere 1. Ausstellung in diesem Jahr fand im Schlo\u00df Altranst\u00e4dt statt.<br>Details unter dem Link \u201eAusstellungen\u201c.<a href=\"https:\/\/luetzschenaer-kuenstlerkreis.de\/?p=1024\"><\/a><\/p>\n\n\n\n<p class=\"has-small-font-size\" id=\"block-d91b3490-5a72-4c3c-8864-576115b78e2d\">Liebe Freunde des L\u00fctzschenaer K\u00fcnstlerkreis, der Termin f\u00fcr die XVIII. Auengalerie steht fest.<\/p>\n\n\n\n<figure class=\"wp-block-image\"><img decoding=\"async\" src=\"https:\/\/luetzschenaer-kuenstlerkreis.de\/wp-content\/uploads\/2021\/01\/001_XVlll_Auengalerie_Postkarte_vorn_web.jpg\" alt=\"\"\/><\/figure>\n\n\n\n<p class=\"has-small-font-size\" id=\"block-65eb4b2e-d567-4bcf-91ad-316f5af11712\"><strong>G\u00e4ste der diesj\u00e4hrigen Ausstellung:<br><\/strong>Robert Haussner &#8211; Objekte und Rauminstallationen<br>Janis Jeske &#8211; Malerei<br>Heinz Mutterlose &#8211; Malerei<br>Christiane Reitinger &#8211; Malerei<br>Natalia Simonenko &#8211; Malerei<\/p>\n\n\n\n<p class=\"has-small-font-size\" id=\"block-e8b8df5d-4853-44ec-b416-d59f95367b26\"><strong>Bitte haben Sie Verst\u00e4ndnis, dass die Ausstellung nur unter den derzeit g\u00fcltigen Hygienevorschriften stattfinden kann.<br>Zutritt erhalten Sie nur mit vollst\u00e4ndigem Corona-Impfnachweis, Corona-Negativtest oder Genesenennachweis.<\/strong><\/p>\n\n\n\n<p class=\"has-small-font-size\" id=\"block-565148f5-caf5-44dc-a9ff-d4ce2ad48487\"><br>Alle kommenden weiteren Termine finden Sie unter &#8222;Ausstellungen&#8220;. Bleiben Sie bitte gesund!SEITENUMBRUCH<\/p>\n\n\n\n<figure class=\"wp-block-image\"><img decoding=\"async\" src=\"https:\/\/luetzschenaer-kuenstlerkreis.de\/wp-content\/uploads\/2020\/02\/Riedel_Marianne-e1581962797262.jpg\" alt=\"\"\/><\/figure>\n\n\n\n<p id=\"block-c520d430-2a87-45fd-9b0c-d48741cb5948\">Liebe Freunde des L\u00fctzschenaer K\u00fcnstlerkreises, wir m\u00fcssen euch die traurige Mitteilung machen, dass unsere Mitstreiterin, Marianne Riedel, langj\u00e4hriges Mitglied und Mitbegr\u00fcnderin des LKK, am 08.01.2021 im Alter von fast 91 Jahren verstorben ist. Wir sind sehr traurig und werden ihr immer ein ehrendes Andenken bewahren.<\/p>\n\n\n\n<p id=\"block-f4834878-d6f2-4f6d-81b2-8f69c4db3bf1\">Liebe Freunde des L\u00fctzschenaer K\u00fcnstlerkreises, wir w\u00fcnschen Ihnen ein gesundes neues Jahr und hoffen, dass wir Sie im Laufe des Jahres wieder zu Ausstellungen begr\u00fc\u00dfen k\u00f6nnen. Bitte bleiben Sie gesund.<\/p>\n\n\n<hr id=\"block-94e29070-bc93-4c5c-8991-02155a441ed9\" class=\"wp-block-separator\">\n\n\n<p id=\"block-cfff56f8-5b11-48d2-ba07-c5f4f01a4efa\">Mitteilungs-Archiv<\/p>\n\n\n\n<p id=\"block-273bf720-8573-490c-bc44-81ea7e2811f0\">Aufgrund der aktuelle Situation kann in diesem Jahr leider keine Auengalerie&nbsp; stattfinden. Daf\u00fcr sind wir schon in der Planung f\u00fcr 2021 und werden die Termine an dieser Stelle rechtzeitig bekanntgeben.<\/p>\n\n\n<hr id=\"block-b9e33a3f-27c4-4955-bc20-3e9594560d05\" class=\"wp-block-separator\">\n\n\n<p id=\"block-8359cb13-f6f2-4d6d-b8d4-4117bd17f038\">Liebe Freunde des L\u00fctzschenaer K\u00fcnstlerkreises, wir w\u00fcnschen Ihnen und Ihren Familien ein geruhsames Osterfest.<\/p>\n\n\n<hr id=\"block-ae889201-97aa-4499-ae31-d53d29d38b39\" class=\"wp-block-separator\">\n\n\n<p id=\"block-eea7dda1-d746-48ab-9d6d-cbcb5eb27cc9\">Liebe Freunde des L\u00fctzschenaer K\u00fcnstlerkreises,<br>nach langer, schwerer Krankheit, immer auf Genesung hoffend, ist am 08.01.2019<br>unsere liebe und gesch\u00e4tzte Mitstreiterin und Freundin Regina Albrecht verstorben.<br>Ihre herausragenden F\u00e4higkeiten als Keramikerin waren in der Kunstszene gesch\u00e4tzt<br>und haben ma\u00dfgeblich den guten Ruf unseres K\u00fcnstlerkreises mitbegr\u00fcndet.<br>Ihr Andenken werden wir stets in Ehren halten.<\/p>\n\n\n<hr id=\"block-7f384667-64d0-49c4-9d5d-f93472f2f9a8\" class=\"wp-block-separator\">\n\n\n<p id=\"block-78657193-da4c-41a6-89a0-41853fdab668\">Liebe Freunde und Fans des L\u00fctzschenaer K\u00fcnstlerkreises, wir w\u00fcnschen Ihnen ein frohes und gesundes neues Jahr!<br>Herzlichst &#8211; Ihr L\u00fctzschenaer K\u00fcnstlerkreis<\/p>\n\n\n<hr id=\"block-cb72f6ce-ac9d-4911-be2a-5b3b9447c9c6\" class=\"wp-block-separator\">\n\n\n<p id=\"block-9b881668-21ef-4f6e-bb91-6705ea104f67\">Liebe Freunde und Fans des L\u00fctzschenaer K\u00fcnstlerkreises, ein ereignisreiches Jahr mit H\u00f6hen und Tiefen geht zu Ende.<br>Wir w\u00fcnschen Ihnen ein frohes, geruhsames, friedliches Weihnachtsfest und einen guten Start ins neue Jahr.<br>Wir freuen uns, wenn wir Sie im n\u00e4chsten Jahr wieder zu unseren Ausstellungen begr\u00fc\u00dfen&nbsp;d\u00fcrfen.<br>Herzlichst &#8211; Ihr L\u00fctzschenaer K\u00fcnstlerkreis<\/p>\n\n\n<hr id=\"block-c193af42-e9a6-406a-8d0b-2b2da8d8167b\" class=\"wp-block-separator\">\n\n\n<p id=\"block-f933ef3a-a7cc-4c26-8e19-002592896234\">Liebe Freunde des L\u00fctzschenaer K\u00fcnstlerkreises,<br>wir sind sehr traurig, Euch mitteilen zu m\u00fcssen, dass unsere gesch\u00e4tzte Mitstreiterin und liebe Freundin Johanna Baraniak am 02.10.2018 verstorben ist. Wir werden ihr stets ein ehrendes Andenken bewahren.<\/p>\n\n\n<hr id=\"block-48320284-d8b9-4b88-b4b6-a072d7bf160f\" class=\"wp-block-separator\">\n\n\n<p id=\"block-7b2d1248-9685-4124-9150-3c2cea5d8145\">Am 02. 09. fand unter gro\u00dfem Zuspruch die Vernissage zur 16. Auengalerie statt. Wolf Dietrich Freiherr Speck von Sternburg unterstrich in seiner Er\u00f6ffnungsrede, dass es ihn sehr freue, das der L\u00fctzschenaer K\u00fcnstlerkreis und seine j\u00e4hrlich wechselnden G\u00e4ste nun schon seit vielen Jahren mit ihrer Kunst die Besucher aus L\u00fctzschena, Leipzig und dem weiteren Umland erfreuen.<br>Der Vorsitzende des LKK, Herr Mocker bedankte sich bei der Familie von Erffa f\u00fcr die M\u00f6glichkeit, den Marstall zur Durchf\u00fchrung der Auengalerie nutzen zu d\u00fcrfen.Am 09. 09. wurde die 16. Auengalerie mit einer Finissage beendet.<\/p>\n\n\n<hr id=\"block-6b7723ab-aee4-4169-899c-eb4105984cf6\" class=\"wp-block-separator\">\n\n\n<p id=\"block-66babb87-b42a-4e8f-bf9a-22d8f440009e\">Die Ausstellung &#8222;Das Ende vom Anfang&#8220; in der Art Kapella ist am 08.07.2018 mit einem kleinen Konzert unter Anwesenheit zahlreicher Besucher zu Ende gegegangen. Die Mitglieder des LKK bereiten sich nun auf die Jahresausstellung im Marstall vor, um Sie, liebe Fans und Verehrer auch in diesem Jahr wieder mit verschiedensten Kunstwerken zu erfreuen.<\/p>\n\n\n<hr id=\"block-df15ac9d-f214-4c20-8a2d-2547ec54b221\" class=\"wp-block-separator\">\n\n\n<p id=\"block-b4b23750-3879-4ccc-ac73-76dc2a370849\">Nachdem der \u201eAdventsmarkt L\u00fctzschena &#8211; von der Schlosskirche bis zur Auwaldstation\u201c am 3. Advent auch im Marstall \u00fcberaus erfolgreich beendet worden ist, m\u00f6chten die Mitglieder des L\u00fctzschenaer K\u00fcnstlerkreises allen flei\u00dfigen Helfern f\u00fcr die Unterst\u00fctzung und vor allem den zahlreichen Besuchern f\u00fcr das gro\u00dfe Interesse herzlich danken. Besonderer Dank gilt der Familie von Erffa f\u00fcr die Bereitstellung der R\u00e4umlichkeiten. Neben den Mitgliedern konnten auch mehrere G\u00e4ste ihre k\u00fcnstlerischen Arbeiten zeigen und zum Kauf anbieten: Gerhild Biallas, Gisela Steinkopf und Bui van Quang&nbsp;(Malerei), Karla Schwarze (Collagen) und Birgitta Hennig (Fotokunst).<\/p>\n\n\n<hr id=\"block-806b844a-383a-481d-9c55-057d0093835e\" class=\"wp-block-separator\">\n\n\n<p id=\"block-22768bd8-7469-4554-aa58-646373d00d92\">Aufgrund des gro\u00dfen Erfolges sind weitere gemeinsame Aktivit\u00e4ten mit der Kirchgemeinde und der Auwaldstation im n\u00e4chsten Jahr schon geplant.<br>An dieser Stelle m\u00f6chte der K\u00fcnstlerkreis auf einige personelle Ver\u00e4nderungen hinweisen. Der langj\u00e4hrige Vorsitzende, G\u00fcnter Meinl, wurde in seiner Funktion durch Andreas Mocker abgel\u00f6st. Stellvertretender Vorsitzender ist Uwe Moosdorf. Herr Meinl wird diese nat\u00fcrlich weiter mit seiner Erfahrung unterst\u00fctzen. F\u00fcr seine unerm\u00fcdliche und erfolgreiche Arbeit f\u00fcr den K\u00fcnstlerkreis sei ihm ausdr\u00fccklich gedankt.<br>Ein weiterer Dank gilt der Gesch\u00e4ftsf\u00fchrung und der Druckereileitung der Leipziger Volkszeitung, die es erm\u00f6glichten, dass sich der L\u00fctzschenaer K\u00fcnstlerkreis in einer gedruckten Pr\u00e4sentation vorstellen kann.<\/p>\n\n\n<hr id=\"block-b08d51d6-ea63-48d0-bbe0-169553817999\" class=\"wp-block-separator\">\n\n\n<p id=\"block-34ba0bd3-53e8-4f53-9584-f8dce899f3eb\">Wir w\u00fcnschen Ihnen ein frohes, geruhsames, friedliches Weihnachtsfest und einen guten Start ins neue Jahr.<br>Wir freuen uns, wenn wir Sie im n\u00e4chsten Jahr wieder zu unseren Ausstellungen begr\u00fc\u00dfen&nbsp;d\u00fcrfen.<\/p>\n\n\n<hr id=\"block-3ab8cc4c-2d19-4598-b974-af855fb54fb0\" class=\"wp-block-separator\">\n\n\n<p id=\"block-c2e74b6a-9da3-4072-88ae-b15d753c9d8c\">Die XV. Auengalerie ist am 03.09.2017 in Anwesenheit zahlreicher Besucher er\u00f6ffnet worden. Es nahmen in diesem Jahr teil: Regina Albrecht, Johanna Baraniak, Bernhard Berres, Heike Kitzinger, Helga Mattern, G\u00fcnter Meinl, Andreas, Carola und Luisa Mocker, Uwe Moosdorf, Bernd Radestock, Marianne Riedel, Frank Schletter.<\/p>\n\n\n\n<p id=\"block-96e3851e-0612-4358-9389-2d5d7b34d4e5\">G\u00e4ste der XV. Auengalerie waren: Daniel Dietze, Kerstin Hillmann, Nastassia Kitzinger, Jeannine Lindholz, Natalia Simonenko, Dr. Peter Sch\u00f6nfeld, Olaf Theuerkorn.<br>Au\u00dferdem wurden die Werke der Preistr\u00e4ger(innen) des Kindermalwett-bewerbes 2017 von L\u00fctzschena-Stahmeln pr\u00e4sentiert.<br>In ehrendem Gedenken waren Arbeiten von Peter M\u00f6ckel, Harald Sch\u00f6nzart und Rolf Zimmermann ausgestellt.<\/p>\n\n\n\n<p id=\"block-39f9ba5f-3489-45e8-ad7d-87c4f487356f\">Zum Jubil\u00e4um hielten wir f\u00fcr unsere Besucher das von der LVZ-Druckerei gedruckte neue K\u00fcnstlerjournal \u00fcber den L\u00fctzschenaer K\u00fcnstlerkreis kostenlos w\u00e4hrend der Ausstellung bereit<\/p>\n\n\n<hr id=\"block-d23ee33b-edcd-4f4c-bbde-dd7b7d0b89ff\" class=\"wp-block-separator\">\n\n\n<p id=\"block-cff14a5b-d9a8-4ea8-ac77-072a8635a782\">15 Jahre L\u00fctzschenaer K\u00fcnstlerkreis<\/p>\n\n\n\n<p id=\"block-93ac785b-894d-49dc-89e1-1dbcd4dfebed\">&#8230;kann das wahr sein?<br>Wo sind denn die Jahre hin?<br>\u201eEins zwei drei im Sauseschritt l\u00e4uft die Zeit, wir laufen mit!\u201c<br>lie\u00df uns Wilhelm Busch, Poet und Maler, wissen.<\/p>\n\n\n\n<p id=\"block-76bf27fd-11f3-43db-ae3f-a412d092ceda\">2003 hatten Peter M\u00f6ckel und die Malerin Marianne Riedel die Idee, die gro\u00dfen und teilweise kaum noch genutzten R\u00e4ume des M\u00f6ckelschen Anwesens, ehemals das Labor des Chemikers und Physikers in der Elsteraue 9 f\u00fcr eine Ausstellung zu \u00f6ffnen, in der sich die in L\u00fctzschena ans\u00e4ssigen K\u00fcnstlerinnen und K\u00fcnstler einmal pr\u00e4sentieren k\u00f6nnten. Die ersten Kontakte wurden im Dorettenring gekn\u00fcpft, der in der Bev\u00f6lkerung schon als \u201e K\u00fcnstlerkolonie\u201c bekannt war. Familie Sanladerer, sie Innenarchitektin, er als Werbeleiter angestellt, war sofort Feuer und Flamme und hatten auch gleich noch weitere Empfehlungen bei der Hand. Und so kamen auch noch G\u00fcnter Meinl, Buchgestalter und abstrakter Maler, Andreas Mocker, Musiker, Offsetdrucker und Maler, J\u00fcrgen Karremann, Holzgestalter, und Harald Sch\u00f6nzart, Kupferstecher, als Aktivisten der ersten Stunde hinzu.<\/p>\n\n\n\n<p id=\"block-5d85e508-b923-4aee-9e80-ea28c8a36e74\">Unter dem Motto: \u201eDer Kultur wieder eine Lobby\u201c und: \u201eKunst sollte auch am Stadtrand ein Zuhause haben\u201c wurde die I. Auengalerie klugerweise zeitgleich mit der 750-Jahr-Feier L\u00fctzschenas aus der Taufe gehoben.<br>Auf der das Anwesen umschlie\u00dfenden Parklandschaft mit einer gro\u00dfen Wiese stand ein Wagen der L\u00fctzschenaer Feuerwehr, umfunktioniert zum Verkauf von Getr\u00e4nken und Bratw\u00fcrsten, Lutz Heinrich, auch als \u201eEisenheinrich\u201c bekannt durch seine lautstarken Auftritte bei \u201e Rock am Turm\u201c (Bismarckturm), sorgte f\u00fcr Partystimmung. Zahllose neugierige Besucher aller Altersklassen besetzten die Terrasse und die Wiese bei prachtvollem Sommerwetter, rockten mit und vermittelten Woodstock-Atmosph\u00e4re. Damit wurde die K\u00fcnstlergruppe schlagartig bekannt und auch die Presse nahm Notiz. Sofort war klar, das war nicht die letzte Veranstaltung! Die Auengalerie, nur f\u00fcr ein Wochenende programmiert, musste um eine weitere Woche verl\u00e4ngert werden. Fest stand auch: die hier pr\u00e4sent gewordenen K\u00fcnstler m\u00fcssen zusammenbleiben!<br>Nach diesem Paukenschlag galt es, sich weiter zu entwickeln und zusammen zu schwei\u00dfen. In der Folgezeit hatten wir gro\u00dfes Gl\u00fcck auf der Suche nach Erweiterung unserer kleinen Gruppe.<br>Aufmerksam geworden auf eine umfangreiche Personalausstellung, kuratiert von der Universit\u00e4t Leipzig, konnten wir Kontakt zu Prof. Siegfried Ratzlaff herstellen, ein herausragender Maler und Grafiker, der das Lehramt f\u00fcr Kunsterziehung in Leipzig innehatte. Sein Beitritt in den L\u00fctzschenaer K\u00fcnstlerkreis und seine Mitarbeit wurden zu einer ma\u00dfgeblichen Bereicherung f\u00fcr uns. Wir bedauern, dass er altershalber nicht mehr dabei sein kann.<br>Der Zugang von Rolf Zimmermann, ehemals erfolgreicher Werbedesigner, war ein weiterer Gl\u00fccksfall. Er sorgte mit seiner ungew\u00f6hnlichen Technik der Aquarell-Malerei f\u00fcr erstaunliche Ergebnisse und Bewunderung. Sein unerwarteter Tod und ebenso der Tod Harald Sch\u00f6nzarts im vergangenen Jahr hinterlie\u00dfen eine gro\u00dfe L\u00fccke. Beide fehlen uns sehr und wir werden sie nicht vergessen. Harald Sch\u00f6nzarts detailreiche Kupferstiche des Auwaldtieres bzw. der Auwaldpflanze des Jahres waren unter Kennern sehr gesch\u00e4tzt.<br>Frank Schletter, Schauspieler und Regisseur, hat sich auf die Aktmalerei spezialisiert&nbsp; und versteht es, mit seinen Darstellungen des weiblichen K\u00f6rpers dessen Sch\u00f6nheit nahe zu bringen, sehr zur Freude, haupts\u00e4chlich der m\u00e4nnlichen Ausstellungsbesucher.<br>Regina Albrecht wurde von uns entdeckt, da sie im Vorgarten ihres Hauses sehenswerte Plastiken aufgestellt hatte, die in Qualit\u00e4t und Originalit\u00e4t sofort Aufmerksamkeit erheischten, wir holten sie sofort mit ins Boot. Sie wurde somit das 2. Standbein neben Johanna Baraniak, die als erste die Abteilung Keramik er\u00f6ffnet hatte. Hinzu stie\u00df auch noch Helga Mattern. Ihre Objekte, skurril und fantasievoll, in h\u00f6chster Qualit\u00e4t aus verschiedenen Materialien gefertigt, rufen immer wieder Beachtung und auch Schmunzeln hervor.<br>Neben weichen Pinselstrichen haben wir aber auch die spitze Feder im Angebot: Uwe Moosdorf, nebenberuflich als Karikaturist bereits bekannt und als Satiriker gef\u00fcrchtet, schockiert jedes Jahr aufs Neue die braven B\u00fcrger und entz\u00fcckt die weniger braven. Er ist ein gnadenloser Beobachter seiner Umwelt, der vor nichts Respekt hat.<br>Wir und seine Fangemeinde lieben ihn!<br>Eine besondere Rolle spielt die \u201eMocker-Family\u201c als eine musische Einheit in unserer Gemeinschaft. Andreas, seit der ersten Stunde mit dabei, sticht u.a. mit seiner Portraitreihe bekannter Rockmusiker hervor, die in ihrer fotorealistischen Manier, teilweise mit Original-Autogrammen versehen, ein echter Hingucker sind. Unsere Vernissagen werden von ihm musikalisch mit Gesang und Gitarre umrahmt. Carola, die Frau an seiner Seite, als Werbefachfrau bei uns integriert, arbeitet seit kurzem in unserer Sparte k\u00fcnstlerische Keramik mit, w\u00e4hrend Tochter Luisa mit ausgereiften Ergebnissen im Fach Fotografie \u00fcberrascht. Unsere Devise durch k\u00fcnstlerische Vielfalt zu \u00fcberzeugen, ist somit aufgegangen. Sie ist auch heute noch f\u00fcr unser Erscheinungsbild ma\u00dfgebend.<br>Die Bandbreite unserer Arbeit: Malerei, Grafik, Fotografie, Keramik, sowie Objektkunst hat f\u00fcr jeden unserer Kunstfreunde, die uns \u00fcber die Jahre hinweg die Treue halten, etwas zu bieten. Sie f\u00fchrt sicherlich auch manchen Neuling, der sich bis jetzt gescheut hat, ein Museum oder eine Galerie zu betreten, an die Kunst heran.<br>Unsere von Picasso \u00fcbernommene Devise \u201eKunst w\u00e4scht den Staub des Alltags von der Seele\u201c ist ein wichtiger Impuls f\u00fcr unsere Arbeit.<br>Einen gro\u00dfen Qualit\u00e4tssprung konnten wir verbuchen, als der uns sehr verbundene Freiherr Speck von Sternburg anbot, in seinem Schloss in L\u00fctzschena ausstellen zu d\u00fcrfen. Damit waren uns nat\u00fcrlich neue M\u00f6glichkeiten er\u00f6ffnet. Nach Fertigstellung des Umbaus des zum Schloss geh\u00f6renden ehemaligen Marstalls erhielten wir die einmalige Gelegenheit, unsere Auengalerie im Dachgeschoss auszurichten. Die Gr\u00f6\u00dfe der Ausstellungsfl\u00e4che und der besondere Charme des Raumes sind eine Chance, um die uns jeder beneidet,<br>und f\u00fcr die wir uns bei Herrn von Sternburg und Freiherr von Erffa als Hausherr bedanken. Mit dieser tatkr\u00e4ftigen Hilfe sind wir jetzt auch ein fester Bestandteil des L\u00fctzschenaer Schlossparkfestes geworden, das wir auch dieses Jahr wieder mit unserer 15. Auengalerie bereichern m\u00f6chten. Wir nehmen es als Ansporn, uns auch in Zukunft stetig weiter zu entwickeln um unserer Aufgabe, den Menschen Freude zu vermitteln, gerecht werden zu k\u00f6nnen. Eine Aufgabe, die heute notwendiger ist denn je. Wir hoffen auch weiterhin auf das ungebrochene Interesse an unseren Arbeiten.<br>Frischer Wind und viel Kreativit\u00e4t kamen durch die letzten Neu-zug\u00e4nge in unsere Gruppe:<br>Bernd Radestock, langj\u00e4hriger leitender Mitarbeiter bei der Leipziger Volkzeitung, der sich schon lange mit Malerei befasste, erg\u00e4nzt unser Spektrum mit einfallsreichen und hintersinnigen Darstellungen in starker expressiver Farbigkeit. Heike Kitzinger punktet ebenfalls durch phantasievolle, detailreiche und farbenfrohe Malerei. Bernhard Berres, der auf dem Gebiet der Fotografie mit Landschaften aufmerksam macht, die mit den ihnen innewohnenden Stimmungen ber\u00fchren, sowie mit seinen Aktstudien, die ohne jede Pr\u00fcderie, frech bis frivol, das Gebiet der Erotik bedienen, dabei durchaus provozieren, aber nicht nur Kenner der Materie ansprechen.<br>Sie vervollst\u00e4ndigen unsere Stammbesetzung und tragen zur Vielfalt&nbsp; unterschiedlicher Auffassungen bei. Dar\u00fcber hinaus laden wir uns zu jeder Ausstellung&nbsp; Gast-K\u00fcnstler ein, damit neben Bekanntem auch f\u00fcr \u00dcberraschung gesorgt ist und das Interesse immer neu geweckt wird.<br>In unserer heutigen Zusammensetzung sind wir eine K\u00fcnstlergemeinschaft, die in der Lage ist, in der Leipziger Kunstszene ihren Platz einzunehmen und zu behaupten, und die der selbstgestellten Aufgabe, die Kunst au\u00dferhalb elit\u00e4rer Einrichtungen an die Menschen zu tragen und ihnen n\u00e4her zu bringen, in jeder Hinsicht erf\u00fcllen kann.<br>Das ist auch der Grund daf\u00fcr, dass Herr Freiherr Speck von Sternburg, der das Leipziger Kunstleben nach der Wende ma\u00dfgeblich beeinflusst hat, uns \u00fcber all die Jahre voller Aufmerksamkeit unterst\u00fctzt hat. Daf\u00fcr m\u00f6chten wir uns ebenfalls sehr herzlich bedanken. Sie ist uns Verpflichtung und Ansporn, auf dem eingeschlagenen Weg fortzuschreiten.<br>Wir blicken deshalb voller Optimismus und Zuversicht in die Zukunft und freuen uns auf die n\u00e4chsten Jahre gemeinsamer Anstrengung und Erfolge, denn Kunst soll Freude bringen, im Entstehen, Vermitteln und Betrachten.<\/p>\n\n\n<hr id=\"block-478aef3b-9062-4499-939f-796407155e4c\" class=\"wp-block-separator\">\n\n\n<p id=\"block-8596134f-83f5-4a51-a93c-cdd709eeae00\">Am 2. Advent 03.\/04.12.2016 Weihnachtsausstellung mit Kunstverkauf und<br>Kunstauktion am 4.12., 16 Uhr<br>im<a href=\"http:\/\/www.schloss-luetzschena.de\/9.html\"> Marstall von Schloss L\u00fctzschena <\/a>statt.<\/p>\n\n\n\n<p id=\"block-43c0b030-16c4-440a-9480-ddde501a6461\">F\u00fcr das leibliche Wohl ist mit hausgebackenem Kuchen, Kesselgulasch und<br>weihnachtlichen Hei\u00dfgetr\u00e4nken gesorgt. &#8211; Ihr L\u00fctzschenaer K\u00fcnstlerkreis<\/p>\n\n\n<hr id=\"block-da3a233f-96d4-4877-bb4d-0134d349d73d\" class=\"wp-block-separator\">\n\n\n<p id=\"block-081cbc5f-0a0c-448c-a66b-e23f246ad55b\">Wir waren total \u00fcberw\u00e4ltigt vom Besucherandrang anl\u00e4sslich der Vernissage zur 14. Auengalerie und m\u00f6chten uns bei allen G\u00e4sten herzlich bedanken. Ganz besonderer Dank gilt Herrn Wolf-Dietrich Freiherr Speck von Sternburg und Familie von Erffa, die unsere Ausstellung schon viele Jahre erm\u00f6glichen. Die Ausstellung kann noch bis zum 11.09.2016 besichtigt werden, jeweils von 15 bis 18 Uhr (au\u00dfer 10.09.2016).<\/p>\n\n\n<hr id=\"block-4a80470d-12f0-4228-bc00-b14dafd90cb5\" class=\"wp-block-separator\">\n\n\n<ol start=\"4\" id=\"block-fa1cb825-2c5f-4d1c-9172-a91c847983ce\" class=\"wp-block-list\">\n<li>September 2016,&nbsp; 15.00 Uhr, Marstall Schloss L\u00fctzschena,<br>Er\u00f6ffnung der XIV. Auengalerie durch Wolf Dietrich Frh. Speck von Sternburg<br>Der L\u00fctzschenaer K\u00fcnstlerkreis bereitet die XIV. Auengalerie vor.<\/li>\n<\/ol>\n\n\n\n<p id=\"block-26ffde3f-7a00-4c78-a058-282b7a760320\">Es ist inzwischen zur Tradition geworden. Die Auengalerie am 1. Sonntag im September. Der L\u00fctzschenaer K\u00fcnstlerkreis pr\u00e4sentiert wie schon seit immerhin 14. Jahren seine Arbeiten im Marstall des Schlosses L\u00fctzschena. Die Malerin Marianne Riedel und die Maler Frank Schletter Andreas Mocker und G\u00fcnter Meinl sind ebenso wie der Kupferstecher Harald Sch\u00f6nzart, der Cartoonist Uwe Moosdorf sowie die Keramikerinnen Johanna Baraniak und Regina Albrecht von Anfang an dabei. Sp\u00e4ter fand dann die junge Fotografin Luisa Mocker und Ihre Mutter Carola als sehr geschickte Keramikerin Aufnahme in die Gruppe. Die Malerin Heike Kitzinger und der Maler Bernd Radestock sind 2015 zu der Gruppe gesto\u00dfen und werden als Bereicherung von den Mitgliedern gesehen und vom Publikum gesch\u00e4tzt. Seit Mai 2016 ist der Fotograf und Galerist Bernhard Berres das neueste Mitglied in der Gemeinschaft.<br>Wie jedes Jahr hat sich der K\u00fcnstlerkreis auch wieder G\u00e4ste eingeladen. Die Malerinnen Alexandra Bonin, Gerhild Bialas und die Objektk\u00fcnstlerin Helga Mattern aus Leipzig und eine international bekannte K\u00fcnstlerin aus Sankt Petersburg,&nbsp; die Malerin Natalia Simonenko.<br>Man kann gespannt sein auf das was die Gruppe mit ihren G\u00e4sten zeigt.&nbsp; Wir k\u00f6nnen aber sicher sein, dass diese Schau&nbsp; mit ihren anspruchsvollen Arbeiten, die die Sinne f\u00fcr Sch\u00f6nes anregt, Anst\u00f6\u00dfe zum Nachdenken gibt und Lebensfreude,&nbsp; Menschlichkeit und Toleranz vermittelt.<\/p>\n\n\n<hr id=\"block-6183b94a-6233-4cdf-9139-7a43c626162f\" class=\"wp-block-separator\">\n\n\n<p id=\"block-38d4eb55-fe65-40fe-b687-757c2f24e510\">Liebe Freunde und Fans des L\u00fctzschenaer K\u00fcnstlerkreises,<br>wir w\u00fcnschen Ihnen ein frohes und gesundes neues Jahr!<br>Herzlichst &#8211; Ihr L\u00fctzschenaer K\u00fcnstlerkreis<\/p>\n","protected":false},"excerpt":{"rendered":"<p>Unsere n\u00e4chsten Ausstellungen: Art Kapella SchkeuditzTeichstra\u00dfe 7, 04435 Schkeuditz19.04. bis 31.05.2026 ARCHIV Ab 11.07.2025 &#8222;Vorgl\u00fchen&#8220; im Bismarckturm Unsere erste Ausstellung 2024 in der Kirsche Panitzsch ist schon wieder Geschichte.Derzeit findet eine Ausstellung im Bismarckturm L\u00fctzschena statt, darauf folgt die Auengalerie im September Weitere Details und neue Termine finden Sie unter &#8222;Ausstellungen&#8220;. Nach der letzten Auengalerie [&hellip;]<\/p>\n","protected":false},"author":1,"featured_media":0,"comment_status":"closed","ping_status":"closed","sticky":true,"template":"","format":"standard","meta":{"footnotes":""},"categories":[8],"tags":[],"class_list":["post-958","post","type-post","status-publish","format-standard","hentry","category-home"],"_links":{"self":[{"href":"https:\/\/luetzschenaer-kuenstlerkreis.de\/index.php?rest_route=\/wp\/v2\/posts\/958","targetHints":{"allow":["GET"]}}],"collection":[{"href":"https:\/\/luetzschenaer-kuenstlerkreis.de\/index.php?rest_route=\/wp\/v2\/posts"}],"about":[{"href":"https:\/\/luetzschenaer-kuenstlerkreis.de\/index.php?rest_route=\/wp\/v2\/types\/post"}],"author":[{"embeddable":true,"href":"https:\/\/luetzschenaer-kuenstlerkreis.de\/index.php?rest_route=\/wp\/v2\/users\/1"}],"replies":[{"embeddable":true,"href":"https:\/\/luetzschenaer-kuenstlerkreis.de\/index.php?rest_route=%2Fwp%2Fv2%2Fcomments&post=958"}],"version-history":[{"count":55,"href":"https:\/\/luetzschenaer-kuenstlerkreis.de\/index.php?rest_route=\/wp\/v2\/posts\/958\/revisions"}],"predecessor-version":[{"id":1531,"href":"https:\/\/luetzschenaer-kuenstlerkreis.de\/index.php?rest_route=\/wp\/v2\/posts\/958\/revisions\/1531"}],"wp:attachment":[{"href":"https:\/\/luetzschenaer-kuenstlerkreis.de\/index.php?rest_route=%2Fwp%2Fv2%2Fmedia&parent=958"}],"wp:term":[{"taxonomy":"category","embeddable":true,"href":"https:\/\/luetzschenaer-kuenstlerkreis.de\/index.php?rest_route=%2Fwp%2Fv2%2Fcategories&post=958"},{"taxonomy":"post_tag","embeddable":true,"href":"https:\/\/luetzschenaer-kuenstlerkreis.de\/index.php?rest_route=%2Fwp%2Fv2%2Ftags&post=958"}],"curies":[{"name":"wp","href":"https:\/\/api.w.org\/{rel}","templated":true}]}}